{"id":122,"date":"2020-07-07T15:42:01","date_gmt":"2020-07-07T13:42:01","guid":{"rendered":"https:\/\/malik-nahassia.fr\/journal\/?p=122"},"modified":"2020-07-07T15:42:05","modified_gmt":"2020-07-07T13:42:05","slug":"novlangue-et-enfumage-n5","status":"publish","type":"post","link":"https:\/\/malik-nahassia.fr\/journal\/novlangue-et-enfumage-n5\/.07\/","title":{"rendered":"Novlangue et enfumage N\u00b05"},"content":{"rendered":"\n<p><\/p>\n\n\n\n<p>\u00c0 la mi-avril 2020, Emmanuel Macron a demand\u00e9 que nous nous r\u00e9inventions, lui le premier a-t-il pr\u00e9cis\u00e9 et j\u2019ai ce \u201cr\u00e9invent\u00e9\u201d qui me trotte dans le critiquoir depuis ce jour-l\u00e0. Il aura suffi d\u2019une d\u00e9mission de Premier ministre, du remaniement qui s\u2019en est suivi et des petites phrases prononc\u00e9es autour de cette p\u00e9rip\u00e9tie pour que la supercherie soit mise a nu, pour que la panoplie des bonnes r\u00e9solutions post confinement soit remise au placard en compagnie des autres d\u00e9guisements que le pr\u00e9sident endosse de temps \u00e0 autre pour tenter d\u2019am\u00e9liorer son image de marque.<\/p>\n\n\n\n<figure class=\"wp-block-embed-youtube wp-block-embed is-type-video is-provider-youtube wp-embed-aspect-16-9 wp-has-aspect-ratio\"><div class=\"wp-block-embed__wrapper\">\n<iframe title=\"L&#039;int\u00e9gralit\u00e9 de l&#039;allocution d&#039;Emmanuel Macron du 14 juin 2020\" width=\"660\" height=\"371\" src=\"https:\/\/www.youtube.com\/embed\/5omCOPTFKLg?start=1075&#038;feature=oembed\" frameborder=\"0\" allow=\"accelerometer; autoplay; encrypted-media; gyroscope; picture-in-picture\" allowfullscreen><\/iframe>\n<\/div><\/figure>\n\n\n\n<p>Emmanuel Macron, dans la presse r\u00e9gionale \u00e0 d\u00e9clar\u00e9 : Je crois que le cap sur lequel je me suis engag\u00e9 en 2017 reste vrai\u201d. Merci pour la r\u00e9invention !<\/p>\n\n\n\n<p>Dans cette m\u00eame entrevue, il a aussi dit : \u00ab\u00a0La r\u00e9forme des retraites est-elle \u00e0 mettre \u00e0 la poubelle ? Non. Ce serait une erreur \u2026 il faudra travailler davantage\u00a0\u00bb. Merci pour la r\u00e9invention !<\/p>\n\n\n\n<p>Et, toujours dans le m\u00eame contexte : \u201cNous ne pouvons pas vouloir notre ind\u00e9pendance, la reconqu\u00eate sociale, \u00e9conomique et environnementale, et \u00eatre un des pays d\u2019Europe o\u00f9 l\u2019on travaille le moins longtemps\u00a0\u00bb. \u00c0 moins peut-\u00eatre d\u2019inventer quelque chose, non ?<\/p>\n\n\n\n<p>J\u2019en reste \u00e0 ces trois exemples, mais on pourrait reprendre sur le m\u00eame principe tout ce qu\u2019a d\u00e9clar\u00e9 notre pr\u00e9sident depuis sa r\u00e9invention personnelle. Il me faut admettre qu\u2019il \u00e9maille son discours de pr\u00e9cautions rh\u00e9toriques. Il est all\u00e9 trop vite, il a pu donner l\u2019impression que, il est ouvert \u00e0 des am\u00e9nagements, etc. Mais ces concessions sont purement cosm\u00e9tiques, comme d\u2019habitude, au moment des actes, le maquillage aura disparu.<\/p>\n\n\n\n<p>Pour juger de la profondeur de la r\u00e9volution qui s\u2019est op\u00e9r\u00e9e dans le fors int\u00e9rieur d\u2019Emmanuel Macron, il suffit de consid\u00e9rer le choix qu\u2019il vient de faire en choisissant Jean Castex comme nouveau Premier ministre. Jean Castex, \u00e9narque, sarkoziste pur-sang, de droite donc, pas de ni ni, juste simplement, purement de droite, un technicien hors pair si l\u2019on en croit les commentaires, encore un qui sort du m\u00eame moule, du m\u00eame s\u00e9rail, du m\u00eame entre-soi. Merci pour la r\u00e9invention !<\/p>\n\n\n\n<figure class=\"wp-block-image size-large\"><img loading=\"lazy\" width=\"1024\" height=\"576\" src=\"https:\/\/malik-nahassia.fr\/journal\/wp-content\/uploads\/2020\/07\/castex-1024x576.jpg\" alt=\"\" class=\"wp-image-124\" srcset=\"https:\/\/malik-nahassia.fr\/journal\/wp-content\/uploads\/2020\/07\/castex-1024x576.jpg 1024w, https:\/\/malik-nahassia.fr\/journal\/wp-content\/uploads\/2020\/07\/castex-300x169.jpg 300w, https:\/\/malik-nahassia.fr\/journal\/wp-content\/uploads\/2020\/07\/castex-768x432.jpg 768w, https:\/\/malik-nahassia.fr\/journal\/wp-content\/uploads\/2020\/07\/castex.jpg 1280w\" sizes=\"(max-width: 1024px) 100vw, 1024px\" \/><\/figure>\n\n\n\n<p>\u00c0 son cr\u00e9dit, tout de m\u00eame, il a fait toute sa carri\u00e8re dans la fonction publique, dont il est un des fonctionnaire les mieux pay\u00e9s \u00e0 ce jour. Mais la tarification \u00e0 l\u2019acte qu\u2019il a mise en \u0153uvre lors de son passage au minist\u00e8re de la Sant\u00e9 a largement contribu\u00e9 \u00e0 la casse de notre syst\u00e8me de sant\u00e9. Bref, ce n\u2019est pas un chaud partisan de la protection sociale universelle et mutualis\u00e9e.<\/p>\n\n\n\n<p>En lui serrant la main une derni\u00e8re fois, lors de la passation de pouvoir, l\u2019ancien Premier ministre \u00c9douard Philippe lui \u00e0 dit : \u201c\u2026 notre pays a besoin d\u2019un esprit ouvert et d\u2019une main ferme et je pense que vous avez cet esprit ouvert et cette main ferme\u201d. Cela m\u2019a immanquablement fait penser au : \u201cIl faut pour gouverner les Fran\u00e7ais une main de fer recouverte d\u2019un gant de velours\u201d, conseil de Bernadotte, devenu roi de Su\u00e8de, \u00e0 Charles X. Je crains le pire venant de cette main ferme, on sait ce que la fermet\u00e9 de nos politiques \u00e0 voulu dire ces derniers temps, une r\u00e9pression brutale des manifestations populaires et une explosion de la violence polici\u00e8re.<\/p>\n\n\n\n<p>Donc ce remaniement me donne l\u2019occasion de scruter un peu ce \u201cr\u00e9inventer\u201d.<br>Pour ma part, je n\u2019ai jamais \u00e9t\u00e9 invent\u00e9. Je ne suis pas la concr\u00e9tisation d\u2019une pure id\u00e9e ext\u00e9rieure \u00e0 mon existence. Je suis plut\u00f4t le condens\u00e9 d\u2019influences et d\u2019h\u00e9ritages divers assembl\u00e9s un peu al\u00e9atoirement, qui continue d\u2019accumuler jour apr\u00e8s jour h\u00e9ritages et influences et qui continue de danser sa vie au hasard des \u00e9v\u00e9nements. Pas d\u2019invention, pas de r\u00e9invention.<\/p>\n\n\n\n<p>Emmanuel Macron a d\u00fb lire un de ces ouvrages de \u201cd\u00e9veloppement personnel\u201d. Un de ces manuels bourr\u00e9s d\u2019id\u00e9es simplistes qui se veulent lumineuses et qui promettent au choix, le bonheur, l\u2019\u00e9quilibre ou la performance, en vertu d\u2019une vision m\u00e9caniste de la nature humaine. Comme si on pouvait \u201cs\u2019am\u00e9liorer\u201d, et selon quels crit\u00e8res, juste en le d\u00e9cidant, juste en ayant lu ou m\u00eame rumin\u00e9 quelque slogan bien clinquant. C\u2019est au rang de ces inepties qu\u2019il faut ranger ce \u201cr\u00e9inventer\u201d.<\/p>\n\n\n\n<p>En bref, c\u2019est de la com, de la pub, de la r\u00e9clame, de la propagande, rien de bien utile quoi. Un concept accrocheur, mais vide de sens, de l\u2019enfumage \u00e0 l\u2019\u00e9tat brut.<\/p>\n\n\n\n<p>Au-del\u00e0 cette injonction quasi magique de notre Pr\u00e9sident thaumaturge, il y aurait cette id\u00e9e : la crise que nous venons de traverser et celles qui s\u2019avancent vers nous sont en grande partie dues \u00e0 l\u2019\u00e9tat actuel de notre civilisation. Mondialisation, d\u00e9r\u00e8glement climatique, extinction des esp\u00e8ces animales, d\u00e9forestation, d\u00e9localisations, etc. Et pour palier \u00e0 tous les d\u00e9fauts d\u2019un syst\u00e8me par ailleurs excellent, il faudrait que chaque individu fasse un petit effort, que nous acceptions de changer nos comportements et notre mani\u00e8re d\u2019\u00eatre au monde. En faisant du v\u00e9lo, en arr\u00eatant de fumer, heu non arr\u00eater de fumer n\u2018est pas dans la liste, en achetant bio et local, en favorisant le commerce \u00e9quitable ou \u00e9thiquable (ouarf ouarf), en se dotant d\u2019une pompe \u00e0 chaleur ou de panneaux solaires, en mangeant moins de viande, en arr\u00eatant de claxonner dans les embouteillages, heu non, pas dans la liste non plus, en prenant les transports en commun, bref il y a toute une liste de ces gestes salvateurs qu\u2019il nous faut adopter au plus vite pour tenter de remettre notre esp\u00e8ce sur une voie plus vertueuse sur laquelle un futur non-catastrophique serait peut-\u00eatre possible.<\/p>\n\n\n\n<p><br>Je ne suis pas du tout contre l\u2019id\u00e9e que chaque personne fasse en sorte de moins polluer la plan\u00e8te, je sais que tout cela est bon et bien, tout cela est n\u00e9cessaire. Mais c\u2019est une goutte d\u2019eau dans un oc\u00e9an de turpitudes (Oui, je sais, les colibris. Mais soyons un peu s\u00e9rieux. Qu\u2019est-ce que tu penserais d\u2019un type qui arriverait avec un d\u00e9 \u00e0 coudre plein d\u2019eau pour aider \u00e0 \u00e9teindre l\u2019incendie de ta maison ?) Une goutte d\u2019eau donc par rapport \u00e0 ce qui serait n\u00e9cessaire de faire pour que l\u2019humanit\u00e9 change de direction. Tant que les avions sillonnerons le ciel par centaines chaque jour, tant que les paquebots g\u00e9ants sillonneront les mers, eux par milliers, pour rapporter d\u2019orient l\u2019\u00e9lectronique de laquelle nous sommes devenus d\u00e9pendants, tant que nous confierons \u00e0 des cohortes de camions le transport local, tant que l\u2019industrie p\u00e9troli\u00e8re, tant que l\u2019industrie chimique, tant que l\u2019industrie automobile, tant que l\u2019industrie, tant que la finance, tant que les pays \u201cd\u00e9mocratiques\u201d soutiendrons des dictateurs, tant qu\u2019on enverra des cohortes de satellites, par milliers encore une fois, pour convoyer en cinq g\u00e9s des vid\u00e9os obsc\u00e8nes gratuites et en retour contr\u00f4ler tous nos mouvements, nos impulsions, nos d\u00e9sirs, notre exposition \u00e0 la r\u00e9clame, notre \u00e9tat de sant\u00e9, nos opinions politiques, nos convictions religieuses (purement ath\u00e9e pour ma part, et pratiquant) tant que, tant que, chacun pourra bien faire un petit peu de compost dans son bout de jardin, la direction que nous avons prise il y a quelque si\u00e8cles avec l\u2019industrialisation forcen\u00e9e et le capitalisme moderne n\u2019a pas beaucoup de chance de changer de cap.<\/p>\n\n\n\n<p>Ce que je veux dire, ce que n\u2019est pas chaque individu qui aurait besoin de se \u201cr\u00e9inventer\u201d. Non, c\u2019est notre civilisation toute enti\u00e8re qu\u2019il faudrait \u201cr\u00e9inventer\u201d, remanier de font en comble, mais j\u2019ai bien peur que les puissances de l\u2019argent dont Emmanuel Macron est le serviteur z\u00e9l\u00e9 ne nous laissent pas faire quoi que ce soit qui minimiserait leurs profits \u00e0 court terme.<\/p>\n\n\n\n<p>C\u2019est d\u2019ailleurs un point de vue classique des ultra-lib\u00e9raux que de consid\u00e9rer les individus comme seuls \u00e9l\u00e9ments pertinents de nos soci\u00e9t\u00e9s et de nier autant qu\u2019ils le peuvent l\u2019importance des structures sociales et \u00e9conomiques qu\u2019ils manipulent ou favorisent. D\u2019o\u00f9 leur appel constant \u00e0 la responsbilit\u00e9 individuelle, surtout \u00e0 celle des plus d\u00e9favoris\u00e9s.<\/p>\n\n\n\n<p>Il faudrait inventer (r\u00e9inventer?) la civilisation anarchiste.<\/p>\n\n\n\n<figure class=\"wp-block-image size-large\"><img loading=\"lazy\" width=\"1024\" height=\"583\" src=\"https:\/\/malik-nahassia.fr\/journal\/wp-content\/uploads\/2020\/07\/neolithique4-1024x583.jpg\" alt=\"\" class=\"wp-image-125\" srcset=\"https:\/\/malik-nahassia.fr\/journal\/wp-content\/uploads\/2020\/07\/neolithique4-1024x583.jpg 1024w, https:\/\/malik-nahassia.fr\/journal\/wp-content\/uploads\/2020\/07\/neolithique4-300x171.jpg 300w, https:\/\/malik-nahassia.fr\/journal\/wp-content\/uploads\/2020\/07\/neolithique4-768x437.jpg 768w, https:\/\/malik-nahassia.fr\/journal\/wp-content\/uploads\/2020\/07\/neolithique4.jpg 1300w\" sizes=\"(max-width: 1024px) 100vw, 1024px\" \/><\/figure>\n\n\n\n<p>P.S. Au moment de mettre sous presse, vient d\u2019\u00eatre annonc\u00e9 la composition du nouveau gouvernement (06 juillet 2020). J\u2019ai failli me pisser dessus de rire et pleurer de tristesse. Merci pour la r\u00e9invention !<\/p>\n\n\n\n<p><br><\/p>\n\n\n\n<p><\/p>\n","protected":false},"excerpt":{"rendered":"<p>\u00c0 la mi-avril 2020, Emmanuel Macron a demand\u00e9 que nous nous r\u00e9inventions, lui le premier a-t-il pr\u00e9cis\u00e9 et j\u2019ai ce \u201cr\u00e9invent\u00e9\u201d qui me trotte dans le critiquoir depuis ce jour-l\u00e0. Il aura suffi d\u2019une d\u00e9mission de Premier ministre, du remaniement qui s\u2019en est suivi et des petites phrases prononc\u00e9es autour de cette p\u00e9rip\u00e9tie pour que &hellip; <a href=\"https:\/\/malik-nahassia.fr\/journal\/novlangue-et-enfumage-n5\/.07\/\" class=\"more-link\">Continuer la lecture de <span class=\"screen-reader-text\">Novlangue et enfumage N\u00b05<\/span><\/a><\/p>\n","protected":false},"author":1,"featured_media":0,"comment_status":"open","ping_status":"open","sticky":false,"template":"","format":"standard","meta":{"spay_email":""},"categories":[4,3,2],"tags":[],"jetpack_featured_media_url":"","yoast_head":"<!-- This site is optimized with the Yoast SEO plugin v15.9.1 - https:\/\/yoast.com\/wordpress\/plugins\/seo\/ -->\n<title>Novlangue et enfumage N\u00b05 - La Vie Quotidienne Sous Le R\u00e8gne d&#039;Emmanuel Macron<\/title>\n<meta name=\"robots\" content=\"index, follow, max-snippet:-1, max-image-preview:large, max-video-preview:-1\" \/>\n<link rel=\"canonical\" href=\"https:\/\/malik-nahassia.fr\/journal\/novlangue-et-enfumage-n5\/.07\/\" \/>\n<meta property=\"og:locale\" content=\"fr_FR\" \/>\n<meta property=\"og:type\" content=\"article\" \/>\n<meta property=\"og:title\" content=\"Novlangue et enfumage N\u00b05 - La Vie Quotidienne Sous Le R\u00e8gne d&#039;Emmanuel Macron\" \/>\n<meta property=\"og:description\" content=\"\u00c0 la mi-avril 2020, Emmanuel Macron a demand\u00e9 que nous nous r\u00e9inventions, lui le premier a-t-il pr\u00e9cis\u00e9 et j\u2019ai ce \u201cr\u00e9invent\u00e9\u201d qui me trotte dans le critiquoir depuis ce jour-l\u00e0. Il aura suffi d\u2019une d\u00e9mission de Premier ministre, du remaniement qui s\u2019en est suivi et des petites phrases prononc\u00e9es autour de cette p\u00e9rip\u00e9tie pour que &hellip; Continuer la lecture de Novlangue et enfumage N\u00b05\" \/>\n<meta property=\"og:url\" content=\"https:\/\/malik-nahassia.fr\/journal\/novlangue-et-enfumage-n5\/.07\/\" \/>\n<meta property=\"og:site_name\" content=\"La Vie Quotidienne Sous Le R\u00e8gne d&#039;Emmanuel Macron\" \/>\n<meta property=\"article:published_time\" content=\"2020-07-07T13:42:01+00:00\" \/>\n<meta property=\"article:modified_time\" content=\"2020-07-07T13:42:05+00:00\" \/>\n<meta property=\"og:image\" content=\"https:\/\/malik-nahassia.fr\/journal\/wp-content\/uploads\/2020\/07\/castex-1024x576.jpg\" \/>\n<meta name=\"twitter:card\" content=\"summary_large_image\" \/>\n<meta name=\"twitter:label1\" content=\"Dur\u00e9e de lecture est.\">\n\t<meta name=\"twitter:data1\" content=\"7 minutes\">\n<script type=\"application\/ld+json\" class=\"yoast-schema-graph\">{\"@context\":\"https:\/\/schema.org\",\"@graph\":[{\"@type\":\"WebSite\",\"@id\":\"https:\/\/malik-nahassia.fr\/journal\/#website\",\"url\":\"https:\/\/malik-nahassia.fr\/journal\/\",\"name\":\"La Vie Quotidienne Sous Le R\\u00e8gne d&#039;Emmanuel Macron\",\"description\":\"Marre qu&#039;on me prenne pour un imb\\u00e9cile.\",\"publisher\":{\"@id\":\"https:\/\/malik-nahassia.fr\/journal\/#\/schema\/person\/9afa0595154b4081e9f8912b87fe66f1\"},\"potentialAction\":[{\"@type\":\"SearchAction\",\"target\":\"https:\/\/malik-nahassia.fr\/journal\/?s={search_term_string}\",\"query-input\":\"required name=search_term_string\"}],\"inLanguage\":\"fr-FR\"},{\"@type\":\"ImageObject\",\"@id\":\"https:\/\/malik-nahassia.fr\/journal\/novlangue-et-enfumage-n5\/.07\/#primaryimage\",\"inLanguage\":\"fr-FR\",\"url\":\"https:\/\/malik-nahassia.fr\/journal\/wp-content\/uploads\/2020\/07\/castex.jpg\",\"width\":1280,\"height\":720},{\"@type\":\"WebPage\",\"@id\":\"https:\/\/malik-nahassia.fr\/journal\/novlangue-et-enfumage-n5\/.07\/#webpage\",\"url\":\"https:\/\/malik-nahassia.fr\/journal\/novlangue-et-enfumage-n5\/.07\/\",\"name\":\"Novlangue et enfumage N\\u00b05 - La Vie Quotidienne Sous Le R\\u00e8gne d&#039;Emmanuel Macron\",\"isPartOf\":{\"@id\":\"https:\/\/malik-nahassia.fr\/journal\/#website\"},\"primaryImageOfPage\":{\"@id\":\"https:\/\/malik-nahassia.fr\/journal\/novlangue-et-enfumage-n5\/.07\/#primaryimage\"},\"datePublished\":\"2020-07-07T13:42:01+00:00\",\"dateModified\":\"2020-07-07T13:42:05+00:00\",\"breadcrumb\":{\"@id\":\"https:\/\/malik-nahassia.fr\/journal\/novlangue-et-enfumage-n5\/.07\/#breadcrumb\"},\"inLanguage\":\"fr-FR\",\"potentialAction\":[{\"@type\":\"ReadAction\",\"target\":[\"https:\/\/malik-nahassia.fr\/journal\/novlangue-et-enfumage-n5\/.07\/\"]}]},{\"@type\":\"BreadcrumbList\",\"@id\":\"https:\/\/malik-nahassia.fr\/journal\/novlangue-et-enfumage-n5\/.07\/#breadcrumb\",\"itemListElement\":[{\"@type\":\"ListItem\",\"position\":1,\"item\":{\"@type\":\"WebPage\",\"@id\":\"https:\/\/malik-nahassia.fr\/journal\/\",\"url\":\"https:\/\/malik-nahassia.fr\/journal\/\",\"name\":\"Accueil\"}},{\"@type\":\"ListItem\",\"position\":2,\"item\":{\"@type\":\"WebPage\",\"@id\":\"https:\/\/malik-nahassia.fr\/journal\/novlangue-et-enfumage-n5\/.07\/\",\"url\":\"https:\/\/malik-nahassia.fr\/journal\/novlangue-et-enfumage-n5\/.07\/\",\"name\":\"Novlangue et enfumage N\\u00b05\"}}]},{\"@type\":\"Article\",\"@id\":\"https:\/\/malik-nahassia.fr\/journal\/novlangue-et-enfumage-n5\/.07\/#article\",\"isPartOf\":{\"@id\":\"https:\/\/malik-nahassia.fr\/journal\/novlangue-et-enfumage-n5\/.07\/#webpage\"},\"author\":{\"@id\":\"https:\/\/malik-nahassia.fr\/journal\/#\/schema\/person\/9afa0595154b4081e9f8912b87fe66f1\"},\"headline\":\"Novlangue et enfumage N\\u00b05\",\"datePublished\":\"2020-07-07T13:42:01+00:00\",\"dateModified\":\"2020-07-07T13:42:05+00:00\",\"mainEntityOfPage\":{\"@id\":\"https:\/\/malik-nahassia.fr\/journal\/novlangue-et-enfumage-n5\/.07\/#webpage\"},\"commentCount\":1,\"publisher\":{\"@id\":\"https:\/\/malik-nahassia.fr\/journal\/#\/schema\/person\/9afa0595154b4081e9f8912b87fe66f1\"},\"image\":{\"@id\":\"https:\/\/malik-nahassia.fr\/journal\/novlangue-et-enfumage-n5\/.07\/#primaryimage\"},\"articleSection\":\"Emmanuel Macron,Enfumage,Novlangue\",\"inLanguage\":\"fr-FR\",\"potentialAction\":[{\"@type\":\"CommentAction\",\"name\":\"Comment\",\"target\":[\"https:\/\/malik-nahassia.fr\/journal\/novlangue-et-enfumage-n5\/.07\/#respond\"]}]},{\"@type\":[\"Person\",\"Organization\"],\"@id\":\"https:\/\/malik-nahassia.fr\/journal\/#\/schema\/person\/9afa0595154b4081e9f8912b87fe66f1\",\"name\":\"malik\",\"image\":{\"@type\":\"ImageObject\",\"@id\":\"https:\/\/malik-nahassia.fr\/journal\/#personlogo\",\"inLanguage\":\"fr-FR\",\"url\":\"https:\/\/secure.gravatar.com\/avatar\/dba27fc6705879dee755005952cd10f3?s=96&d=mm&r=g\",\"caption\":\"malik\"},\"logo\":{\"@id\":\"https:\/\/malik-nahassia.fr\/journal\/#personlogo\"}}]}<\/script>\n<!-- \/ Yoast SEO plugin. -->","_links":{"self":[{"href":"https:\/\/malik-nahassia.fr\/journal\/wp-json\/wp\/v2\/posts\/122"}],"collection":[{"href":"https:\/\/malik-nahassia.fr\/journal\/wp-json\/wp\/v2\/posts"}],"about":[{"href":"https:\/\/malik-nahassia.fr\/journal\/wp-json\/wp\/v2\/types\/post"}],"author":[{"embeddable":true,"href":"https:\/\/malik-nahassia.fr\/journal\/wp-json\/wp\/v2\/users\/1"}],"replies":[{"embeddable":true,"href":"https:\/\/malik-nahassia.fr\/journal\/wp-json\/wp\/v2\/comments?post=122"}],"version-history":[{"count":1,"href":"https:\/\/malik-nahassia.fr\/journal\/wp-json\/wp\/v2\/posts\/122\/revisions"}],"predecessor-version":[{"id":126,"href":"https:\/\/malik-nahassia.fr\/journal\/wp-json\/wp\/v2\/posts\/122\/revisions\/126"}],"wp:attachment":[{"href":"https:\/\/malik-nahassia.fr\/journal\/wp-json\/wp\/v2\/media?parent=122"}],"wp:term":[{"taxonomy":"category","embeddable":true,"href":"https:\/\/malik-nahassia.fr\/journal\/wp-json\/wp\/v2\/categories?post=122"},{"taxonomy":"post_tag","embeddable":true,"href":"https:\/\/malik-nahassia.fr\/journal\/wp-json\/wp\/v2\/tags?post=122"}],"curies":[{"name":"wp","href":"https:\/\/api.w.org\/{rel}","templated":true}]}}