{"id":140,"date":"2021-03-07T21:22:03","date_gmt":"2021-03-07T20:22:03","guid":{"rendered":"https:\/\/malik-nahassia.fr\/journal\/?p=140"},"modified":"2021-03-08T01:09:43","modified_gmt":"2021-03-08T00:09:43","slug":"laffaire-be-smith","status":"publish","type":"post","link":"https:\/\/malik-nahassia.fr\/journal\/laffaire-be-smith\/.07\/","title":{"rendered":"L&rsquo;Affaire Be Smith"},"content":{"rendered":"\n<p>En 2013, suite \u00e0 une premi\u00e8re enqu\u00eate relative \u00e0 des faits commis par eux en 2007, Mamadou et Kevin, deux copains d\u2019enfance, sont mis sur \u00e9coute judiciaire. On ne sait toujours pas comment ils ont \u00e9t\u00e9s mis au courant qu\u2019ils \u00e9taient \u201csur \u00e9coute\u201d mais le fait est qu\u2019ils ont essay\u00e9 de s\u2019y soustraire en utilisant des \u201cburners\u201d, t\u00e9l\u00e9phones jetables achet\u00e9s sous le faux nom de \u201cBe Smith\u201d. Ce qui n\u2019a pas emp\u00each\u00e9 les enqu\u00eateurs de continuer \u00e0 suivre leurs conversations. C\u2019est le d\u00e9but de ce qui est devenu la tr\u00e8s m\u00e9diatique affaire \u201cBe Smith\u201d.<\/p>\n\n\n\n<figure class=\"wp-block-image size-large\"><img loading=\"lazy\" width=\"801\" height=\"410\" src=\"https:\/\/malik-nahassia.fr\/journal\/wp-content\/uploads\/2021\/03\/1583430095_lahainee.jpg\" alt=\"\" class=\"wp-image-144\" srcset=\"https:\/\/malik-nahassia.fr\/journal\/wp-content\/uploads\/2021\/03\/1583430095_lahainee.jpg 801w, https:\/\/malik-nahassia.fr\/journal\/wp-content\/uploads\/2021\/03\/1583430095_lahainee-300x154.jpg 300w, https:\/\/malik-nahassia.fr\/journal\/wp-content\/uploads\/2021\/03\/1583430095_lahainee-768x393.jpg 768w\" sizes=\"(max-width: 801px) 100vw, 801px\" \/><\/figure>\n\n\n\n<p><br>Se croyant \u00e0 l\u2019abri, Mamadou et Kevin utilisent cette ligne t\u00e9l\u00e9phonique qu\u2019ils croient s\u00fbre pour pr\u00e9parer un mauvais coup, mauvais coup dans lequel ils veulent embarquer Mohamed, un ami commun. Il y a plusieurs conversations entre Mamadou et Kevin, conversations au cours desquelles ils se mettent d\u2019accord sur la participation de Mohamed \u00e0 leur projet puis plusieurs autres, au cours desquelles Kevin rapporte \u00e0 Mamadou ses arrangements avec Mohamed.<\/p>\n\n\n\n<p><br>Fin f\u00e9vrier 2014, le parquet ouvre une information judiciaire \u00e0 l\u2019encontre des trois amis pour association de malfaiteurs en vue de la pr\u00e9paration d\u2019un crime. Assist\u00e9s par des t\u00e9nors du barreau, de recours en demande d\u2019expertises, nos trois comp\u00e8res font tra\u00eener la proc\u00e9dure et ce n\u2019est qu\u2019en mars 2018 que les juges d\u2019instruction peuvent enfin renvoyer l\u2019affaire en correctionnelle. Les trois amis utilisent \u00e0 nouveau toutes les possibilit\u00e9s pour tenter d&rsquo;entraver le cours judiciaire, y compris en d\u00e9posant un dernier recours devant la Cour de cassation, mais en juin 2019, la Cour rend un jugement qui leur est d\u00e9favorable.<br><\/p>\n\n\n\n<p>Le proc\u00e8s s\u2019ouvre le 23 novembre 2020 devant la 32e chambre correctionnelle du tribunal judiciaire de Paris. Les magistrats du parquet requi\u00e8rent quatre ans de prison, dont deux avec sursis. Le 1er mars 2021, en premi\u00e8re instance, le tribunal reconna\u00eet coupables les trois pr\u00e9venus. Ils sont condamn\u00e9s \u00e0 trois ans de prison dont deux avec sursis. Le jugement pr\u00e9cise que les peines sont am\u00e9nageable avec une surveillance \u00e9lectronique \u00e0 domicile. Les trois condamn\u00e9s ont annonc\u00e9 qu&rsquo;ils faisaient appel de la d\u00e9cision, le parquet \u00e9galement, ouvrant ainsi la possibilit\u00e9 \u00e0 la cour d&rsquo;appel de prononcer une peine plus lourde qu&rsquo;en premi\u00e8re instance.<\/p>\n\n\n\n<figure class=\"wp-block-image size-large\"><img loading=\"lazy\" width=\"640\" height=\"888\" src=\"https:\/\/malik-nahassia.fr\/journal\/wp-content\/uploads\/2021\/03\/640px-Moitte-Oudry-La_Fontaine-Les_animaux_malades_de_la_peste.jpg\" alt=\"\" class=\"wp-image-147\" srcset=\"https:\/\/malik-nahassia.fr\/journal\/wp-content\/uploads\/2021\/03\/640px-Moitte-Oudry-La_Fontaine-Les_animaux_malades_de_la_peste.jpg 640w, https:\/\/malik-nahassia.fr\/journal\/wp-content\/uploads\/2021\/03\/640px-Moitte-Oudry-La_Fontaine-Les_animaux_malades_de_la_peste-216x300.jpg 216w\" sizes=\"(max-width: 640px) 100vw, 640px\" \/><\/figure>\n\n\n\n<p><br>Mamadou s\u2019exprime d\u00e8s la semaine suivante dans les colonnes du Figaro ainsi qu\u2019\u00e0 la t\u00e9l\u00e9vision, au journal de 20 sur TF1. Il s\u2019insurge contre la fa\u00e7on dont il a \u00e9t\u00e9 trait\u00e9, juge les \u00e9coutes t\u00e9l\u00e9phoniques qui ont servi \u00e0 le pi\u00e9ger ill\u00e9gales et d\u00e9loyales, dans la mesure o\u00f9 il n\u2019a pas \u00e9t\u00e9 pr\u00e9venu qu\u2019il \u00e9tait vis\u00e9 par une enqu\u00eate judiciaire. Il insiste sur le fait qu\u2019il n\u2019a pas pu mettre en \u0153uvre le mauvais coup qu\u2019il avait pr\u00e9vu de faire avec ses deux complices et que, par cons\u00e9quent, il est parfaitement innocent de ce qu\u2019on lui reproche. Mamadou pr\u00e9tend que les juges se sont acharn\u00e9 sur lui parce qu\u2019ils sont racistes, il dit que ses droits de citoyens ont \u00e9t\u00e9 viol\u00e9s et il pr\u00e9vient qu&rsquo;il ira jusqu\u2019\u00e0 la Cour europ\u00e9enne des droits de l\u2019homme si n\u00e9cessaire.<br><\/p>\n\n\n\n<p>Suite \u00e0 cette condamnation, Mamadou a re\u00e7u les t\u00e9moignages de sympathie et de solidarit\u00e9 de nombreuses personnalit\u00e9s de droite. Christian Jacob pr\u00e9sident des LR \u00e0 r\u00e9affirm\u00e9 son soutien le plus total au d\u00e9linquant Mamadou et s\u2019insurge de la s\u00e9v\u00e9rit\u00e9 des peines prononc\u00e9es. Bruneau Retailleau, le \u201cpatron\u201d des s\u00e9nateurs LR, trouve que les choses sont all\u00e9es trop s\u00e9v\u00e8rement \u00e0 l\u2019encontre du d\u00e9linquant Mamadou. Eric Ciotti, Gilles Platret, Renaud Muselier, Xavier Bertrand, Olivier Marleix, Annie Genevard, Agnes Evren, Christine Boutin, Marine Brenier, Nicolas Dupont-Aignan, tous \u00e9lus de la R\u00e9publique fran\u00e7aise, ont fait part de leur amiti\u00e9 ind\u00e9fectible envers le d\u00e9linquant Mamadou. Jusqu\u2019au ministre de l&rsquo;Int\u00e9rieur, un poste o\u00f9 l\u2019on est d\u2019habitude moins indulgent \u00e0 l\u2019\u00e9gard des d\u00e9linquants, Gerard Darmanin, qui a r\u00e9affirm\u00e9 tout son soutien au d\u00e9linquant Mamadou.<\/p>\n\n\n\n<p><br>Rassurez-vous, tout ceci n\u2019est qu\u2019une dystopie, une fiction grin\u00e7ante. Dans la r\u00e9alit\u00e9, d\u00e8s le d\u00e9but de cette histoire, Mamadou, Kevin et Mohamed, ont \u00e9t\u00e9 plac\u00e9s en d\u00e9tention provisoire. Un an et trois mois plus tard, assist\u00e9s par des avocats commis d\u2019office qui ont assur\u00e9 leur d\u00e9fense comme ils l\u2019ont pu avec le peu de moyens qu\u2019ils avaient, Mamadou, Kevin et Mohamed, ont \u00e9t\u00e9 condamn\u00e9s \u00e0 quatre ans de prison dont un avec sursis sans possibilit\u00e9 d\u2019am\u00e9nagement de peine avec une surveillance \u00e9lectronique \u00e0 domicile.<\/p>\n\n\n\n<figure class=\"wp-block-image size-large\"><img loading=\"lazy\" width=\"1024\" height=\"576\" src=\"https:\/\/malik-nahassia.fr\/journal\/wp-content\/uploads\/2021\/03\/Lavocat-1024x576.jpg\" alt=\"\" class=\"wp-image-145\" srcset=\"https:\/\/malik-nahassia.fr\/journal\/wp-content\/uploads\/2021\/03\/Lavocat-1024x576.jpg 1024w, https:\/\/malik-nahassia.fr\/journal\/wp-content\/uploads\/2021\/03\/Lavocat-300x169.jpg 300w, https:\/\/malik-nahassia.fr\/journal\/wp-content\/uploads\/2021\/03\/Lavocat-768x432.jpg 768w, https:\/\/malik-nahassia.fr\/journal\/wp-content\/uploads\/2021\/03\/Lavocat-1536x864.jpg 1536w, https:\/\/malik-nahassia.fr\/journal\/wp-content\/uploads\/2021\/03\/Lavocat.jpg 1808w\" sizes=\"(max-width: 1024px) 100vw, 1024px\" \/><\/figure>\n\n\n\n<p><br>Vous pouvez dormir tranquilles, braves gens.<\/p>\n\n\n\n<p><\/p>\n","protected":false},"excerpt":{"rendered":"<p>En 2013, suite \u00e0 une premi\u00e8re enqu\u00eate relative \u00e0 des faits commis par eux en 2007, Mamadou et Kevin, deux copains d\u2019enfance, sont mis sur \u00e9coute judiciaire. On ne sait toujours pas comment ils ont \u00e9t\u00e9s mis au courant qu\u2019ils \u00e9taient \u201csur \u00e9coute\u201d mais le fait est qu\u2019ils ont essay\u00e9 de s\u2019y soustraire en utilisant &hellip; <a href=\"https:\/\/malik-nahassia.fr\/journal\/laffaire-be-smith\/.07\/\" class=\"more-link\">Continuer la lecture de <span class=\"screen-reader-text\">L&rsquo;Affaire Be Smith<\/span><\/a><\/p>\n","protected":false},"author":1,"featured_media":0,"comment_status":"open","ping_status":"open","sticky":false,"template":"","format":"standard","meta":{"spay_email":""},"categories":[10,3,1],"tags":[],"jetpack_featured_media_url":"","yoast_head":"<!-- This site is optimized with the Yoast SEO plugin v15.9.1 - https:\/\/yoast.com\/wordpress\/plugins\/seo\/ -->\n<title>L&#039;Affaire Be Smith - La Vie Quotidienne Sous Le R\u00e8gne d&#039;Emmanuel Macron<\/title>\n<meta name=\"robots\" content=\"index, follow, max-snippet:-1, max-image-preview:large, max-video-preview:-1\" \/>\n<link rel=\"canonical\" href=\"https:\/\/malik-nahassia.fr\/journal\/laffaire-be-smith\/.07\/\" \/>\n<meta property=\"og:locale\" content=\"fr_FR\" \/>\n<meta property=\"og:type\" content=\"article\" \/>\n<meta property=\"og:title\" content=\"L&#039;Affaire Be Smith - La Vie Quotidienne Sous Le R\u00e8gne d&#039;Emmanuel Macron\" \/>\n<meta property=\"og:description\" content=\"En 2013, suite \u00e0 une premi\u00e8re enqu\u00eate relative \u00e0 des faits commis par eux en 2007, Mamadou et Kevin, deux copains d\u2019enfance, sont mis sur \u00e9coute judiciaire. On ne sait toujours pas comment ils ont \u00e9t\u00e9s mis au courant qu\u2019ils \u00e9taient \u201csur \u00e9coute\u201d mais le fait est qu\u2019ils ont essay\u00e9 de s\u2019y soustraire en utilisant &hellip; Continuer la lecture de L&rsquo;Affaire Be Smith\" \/>\n<meta property=\"og:url\" content=\"https:\/\/malik-nahassia.fr\/journal\/laffaire-be-smith\/.07\/\" \/>\n<meta property=\"og:site_name\" content=\"La Vie Quotidienne Sous Le R\u00e8gne d&#039;Emmanuel Macron\" \/>\n<meta property=\"article:published_time\" content=\"2021-03-07T20:22:03+00:00\" \/>\n<meta property=\"article:modified_time\" content=\"2021-03-08T00:09:43+00:00\" \/>\n<meta property=\"og:image\" content=\"https:\/\/malik-nahassia.fr\/journal\/wp-content\/uploads\/2021\/03\/1583430095_lahainee.jpg\" \/>\n<meta name=\"twitter:card\" content=\"summary_large_image\" \/>\n<meta name=\"twitter:label1\" content=\"Dur\u00e9e de lecture est.\">\n\t<meta name=\"twitter:data1\" content=\"4 minutes\">\n<script type=\"application\/ld+json\" class=\"yoast-schema-graph\">{\"@context\":\"https:\/\/schema.org\",\"@graph\":[{\"@type\":\"WebSite\",\"@id\":\"https:\/\/malik-nahassia.fr\/journal\/#website\",\"url\":\"https:\/\/malik-nahassia.fr\/journal\/\",\"name\":\"La Vie Quotidienne Sous Le R\\u00e8gne d&#039;Emmanuel Macron\",\"description\":\"Marre qu&#039;on me prenne pour un imb\\u00e9cile.\",\"publisher\":{\"@id\":\"https:\/\/malik-nahassia.fr\/journal\/#\/schema\/person\/9afa0595154b4081e9f8912b87fe66f1\"},\"potentialAction\":[{\"@type\":\"SearchAction\",\"target\":\"https:\/\/malik-nahassia.fr\/journal\/?s={search_term_string}\",\"query-input\":\"required name=search_term_string\"}],\"inLanguage\":\"fr-FR\"},{\"@type\":\"ImageObject\",\"@id\":\"https:\/\/malik-nahassia.fr\/journal\/laffaire-be-smith\/.07\/#primaryimage\",\"inLanguage\":\"fr-FR\",\"url\":\"https:\/\/malik-nahassia.fr\/journal\/wp-content\/uploads\/2021\/03\/1583430095_lahainee.jpg\",\"width\":801,\"height\":410},{\"@type\":\"WebPage\",\"@id\":\"https:\/\/malik-nahassia.fr\/journal\/laffaire-be-smith\/.07\/#webpage\",\"url\":\"https:\/\/malik-nahassia.fr\/journal\/laffaire-be-smith\/.07\/\",\"name\":\"L'Affaire Be Smith - La Vie Quotidienne Sous Le R\\u00e8gne d&#039;Emmanuel Macron\",\"isPartOf\":{\"@id\":\"https:\/\/malik-nahassia.fr\/journal\/#website\"},\"primaryImageOfPage\":{\"@id\":\"https:\/\/malik-nahassia.fr\/journal\/laffaire-be-smith\/.07\/#primaryimage\"},\"datePublished\":\"2021-03-07T20:22:03+00:00\",\"dateModified\":\"2021-03-08T00:09:43+00:00\",\"breadcrumb\":{\"@id\":\"https:\/\/malik-nahassia.fr\/journal\/laffaire-be-smith\/.07\/#breadcrumb\"},\"inLanguage\":\"fr-FR\",\"potentialAction\":[{\"@type\":\"ReadAction\",\"target\":[\"https:\/\/malik-nahassia.fr\/journal\/laffaire-be-smith\/.07\/\"]}]},{\"@type\":\"BreadcrumbList\",\"@id\":\"https:\/\/malik-nahassia.fr\/journal\/laffaire-be-smith\/.07\/#breadcrumb\",\"itemListElement\":[{\"@type\":\"ListItem\",\"position\":1,\"item\":{\"@type\":\"WebPage\",\"@id\":\"https:\/\/malik-nahassia.fr\/journal\/\",\"url\":\"https:\/\/malik-nahassia.fr\/journal\/\",\"name\":\"Accueil\"}},{\"@type\":\"ListItem\",\"position\":2,\"item\":{\"@type\":\"WebPage\",\"@id\":\"https:\/\/malik-nahassia.fr\/journal\/laffaire-be-smith\/.07\/\",\"url\":\"https:\/\/malik-nahassia.fr\/journal\/laffaire-be-smith\/.07\/\",\"name\":\"L&rsquo;Affaire Be Smith\"}}]},{\"@type\":\"Article\",\"@id\":\"https:\/\/malik-nahassia.fr\/journal\/laffaire-be-smith\/.07\/#article\",\"isPartOf\":{\"@id\":\"https:\/\/malik-nahassia.fr\/journal\/laffaire-be-smith\/.07\/#webpage\"},\"author\":{\"@id\":\"https:\/\/malik-nahassia.fr\/journal\/#\/schema\/person\/9afa0595154b4081e9f8912b87fe66f1\"},\"headline\":\"L&rsquo;Affaire Be Smith\",\"datePublished\":\"2021-03-07T20:22:03+00:00\",\"dateModified\":\"2021-03-08T00:09:43+00:00\",\"mainEntityOfPage\":{\"@id\":\"https:\/\/malik-nahassia.fr\/journal\/laffaire-be-smith\/.07\/#webpage\"},\"commentCount\":0,\"publisher\":{\"@id\":\"https:\/\/malik-nahassia.fr\/journal\/#\/schema\/person\/9afa0595154b4081e9f8912b87fe66f1\"},\"image\":{\"@id\":\"https:\/\/malik-nahassia.fr\/journal\/laffaire-be-smith\/.07\/#primaryimage\"},\"articleSection\":\"dystopie,Enfumage\",\"inLanguage\":\"fr-FR\",\"potentialAction\":[{\"@type\":\"CommentAction\",\"name\":\"Comment\",\"target\":[\"https:\/\/malik-nahassia.fr\/journal\/laffaire-be-smith\/.07\/#respond\"]}]},{\"@type\":[\"Person\",\"Organization\"],\"@id\":\"https:\/\/malik-nahassia.fr\/journal\/#\/schema\/person\/9afa0595154b4081e9f8912b87fe66f1\",\"name\":\"malik\",\"image\":{\"@type\":\"ImageObject\",\"@id\":\"https:\/\/malik-nahassia.fr\/journal\/#personlogo\",\"inLanguage\":\"fr-FR\",\"url\":\"https:\/\/secure.gravatar.com\/avatar\/dba27fc6705879dee755005952cd10f3?s=96&d=mm&r=g\",\"caption\":\"malik\"},\"logo\":{\"@id\":\"https:\/\/malik-nahassia.fr\/journal\/#personlogo\"}}]}<\/script>\n<!-- \/ Yoast SEO plugin. -->","_links":{"self":[{"href":"https:\/\/malik-nahassia.fr\/journal\/wp-json\/wp\/v2\/posts\/140"}],"collection":[{"href":"https:\/\/malik-nahassia.fr\/journal\/wp-json\/wp\/v2\/posts"}],"about":[{"href":"https:\/\/malik-nahassia.fr\/journal\/wp-json\/wp\/v2\/types\/post"}],"author":[{"embeddable":true,"href":"https:\/\/malik-nahassia.fr\/journal\/wp-json\/wp\/v2\/users\/1"}],"replies":[{"embeddable":true,"href":"https:\/\/malik-nahassia.fr\/journal\/wp-json\/wp\/v2\/comments?post=140"}],"version-history":[{"count":4,"href":"https:\/\/malik-nahassia.fr\/journal\/wp-json\/wp\/v2\/posts\/140\/revisions"}],"predecessor-version":[{"id":150,"href":"https:\/\/malik-nahassia.fr\/journal\/wp-json\/wp\/v2\/posts\/140\/revisions\/150"}],"wp:attachment":[{"href":"https:\/\/malik-nahassia.fr\/journal\/wp-json\/wp\/v2\/media?parent=140"}],"wp:term":[{"taxonomy":"category","embeddable":true,"href":"https:\/\/malik-nahassia.fr\/journal\/wp-json\/wp\/v2\/categories?post=140"},{"taxonomy":"post_tag","embeddable":true,"href":"https:\/\/malik-nahassia.fr\/journal\/wp-json\/wp\/v2\/tags?post=140"}],"curies":[{"name":"wp","href":"https:\/\/api.w.org\/{rel}","templated":true}]}}